[{"@context":"https:\/\/schema.org\/","@type":"Article","@id":"https:\/\/www.karinherzog.cz\/wellness-skvela-cesta-k-odpocinku\/#Article","mainEntityOfPage":"https:\/\/www.karinherzog.cz\/wellness-skvela-cesta-k-odpocinku\/","headline":"Wellness- skv\u011bl\u00e1 cesta k\u00a0odpo\u010dinku","name":"Wellness- skv\u011bl\u00e1 cesta k\u00a0odpo\u010dinku","description":"Pot\u0159ebujete si po dlouh\u00e9 pr\u00e1ci odpo\u010dinout? To v\u00e1m v\u011b\u0159\u00edme. Proto v\u00e1m nab\u00edz\u00edme dovolenou na \u0160umav\u011b. \u010cist\u00fd vzduch, kr\u00e1sn\u00e1 p\u0159\u00edroda a perfektn\u00ed slu\u017eby na\u0161eho hotelu \u010cesk\u00e9 \u017dleby v\u00e1m nejl\u00e9pe umo\u017en\u00ed si odpo\u010dinout. Den m\u016f\u017eete str\u00e1vit na t\u00far\u00e1ch \u010di alespo\u0148 proch\u00e1zk\u00e1ch po okol\u00ed, ve\u010dery pak t\u0159eba vyu\u017eijete na\u0161ich wellness slu\u017eeb. Wellness \u0160umava = to nejlep\u0161\u00ed pro v\u00e1s. [&hellip;]","datePublished":"2025-04-24","dateModified":"2025-04-24","author":{"@type":"Person","@id":"https:\/\/www.karinherzog.cz\/author\/#Person","name":"karinherzog.cz\n","url":"https:\/\/www.karinherzog.cz\/author\/","identifier":1,"image":{"@type":"ImageObject","@id":"https:\/\/secure.gravatar.com\/avatar\/d7705a23c50ede72936119380238a88bdeb91030521f9262dc3abc6fdd8add33?s=96&d=mm&r=g","url":"https:\/\/secure.gravatar.com\/avatar\/d7705a23c50ede72936119380238a88bdeb91030521f9262dc3abc6fdd8add33?s=96&d=mm&r=g","height":96,"width":96}},"publisher":{"@type":"Organization","name":"karinherzog.cz","logo":{"@type":"ImageObject","@id":"\/logo.png","url":"\/logo.png","width":600,"height":60}},"url":"https:\/\/www.karinherzog.cz\/wellness-skvela-cesta-k-odpocinku\/","wordCount":185,"articleBody":"Pot\u0159ebujete si po dlouh\u00e9 pr\u00e1ci odpo\u010dinout? To v\u00e1m v\u011b\u0159\u00edme. Proto v\u00e1m nab\u00edz\u00edme dovolenou na \u0160umav\u011b. \u010cist\u00fd vzduch, kr\u00e1sn\u00e1 p\u0159\u00edroda a perfektn\u00ed slu\u017eby na\u0161eho hotelu \u010cesk\u00e9 \u017dleby v\u00e1m nejl\u00e9pe umo\u017en\u00ed si odpo\u010dinout. Den m\u016f\u017eete str\u00e1vit na t\u00far\u00e1ch \u010di alespo\u0148 proch\u00e1zk\u00e1ch po okol\u00ed, ve\u010dery pak t\u0159eba vyu\u017eijete na\u0161ich wellness slu\u017eeb. Wellness \u0160umava = to nejlep\u0161\u00ed pro v\u00e1s.Wellness \u0160umavaJe\u0161t\u011b nev\u00edte kam jet na dovolenou? My v\u00e1m nab\u00edz\u00edme hotel \u010cesk\u00e9 \u017dleby na \u0160umav\u011b. \u010cek\u00e1 v\u00e1s \u0161\u0148\u016fra voln\u00fdch dn\u016f uprost\u0159ed n\u00e1dhern\u00e9 p\u0159\u00edrody. M\u016f\u017eete se v\u011bnovat p\u011b\u0161\u00ed turistice, cykloturistice nebo t\u0159eba in line bruslen\u00ed \u010di plav\u00e1n\u00ed v na\u0161em vnit\u0159n\u00edm baz\u00e9nu. To v\u0161echno u n\u00e1s m\u016f\u017eete m\u00edt. Douf\u00e1me, \u017ee na\u0161i nab\u00eddku p\u0159ijmete. Wellness \u0160umava je tu pro v\u00e1s.CykloturistikaU n\u00e1s se m\u016f\u017eete v\u011bnovat i cykloturistice. Wellness \u0160umava &#8211; to nejlep\u0161\u00ed pro v\u00e1s.                                                                                                                                                                                                                                                                                                                                                                                                "},{"@context":"https:\/\/schema.org\/","@type":"BreadcrumbList","itemListElement":[{"@type":"ListItem","position":1,"name":"Wellness- skv\u011bl\u00e1 cesta k\u00a0odpo\u010dinku","item":"https:\/\/www.karinherzog.cz\/wellness-skvela-cesta-k-odpocinku\/#breadcrumbitem"}]}]