[{"@context":"https:\/\/schema.org\/","@type":"Article","@id":"https:\/\/www.karinherzog.cz\/skrine-na-miru-jako-prakticka-ozdoba-interieru\/#Article","mainEntityOfPage":"https:\/\/www.karinherzog.cz\/skrine-na-miru-jako-prakticka-ozdoba-interieru\/","headline":"Sk\u0159\u00edn\u011b na m\u00edru jako praktick\u00e1 ozdoba interi\u00e9ru","name":"Sk\u0159\u00edn\u011b na m\u00edru jako praktick\u00e1 ozdoba interi\u00e9ru","description":"Vestav\u011bn\u00e9 sk\u0159\u00edn\u011b na m\u00edru mohou vytvo\u0159it v interi\u00e9ru i velmi atraktivn\u00ed plochu, kter\u00e1 zdob\u00ed mnoh\u00e9 \u010d\u00e1sti obytn\u00e9ho prostoru. V\u00fdhodou tohoto \u0159e\u0161en\u00ed \u00falo\u017en\u00e9ho prostoru je i to, \u017ee lze sk\u0159\u00edn\u011b zhotovit v r\u016fzn\u00fdch velikostech a um\u00edstit je i do m\u00edst, kam by se \u017e\u00e1dn\u00fd jin\u00fd n\u00e1bytek neve\u0161el. Nebo by se ve\u0161el, ale vypadal by tam dosti [&hellip;]","datePublished":"2025-10-04","dateModified":"2025-10-04","author":{"@type":"Person","@id":"https:\/\/www.karinherzog.cz\/author\/#Person","name":"karinherzog.cz\n","url":"https:\/\/www.karinherzog.cz\/author\/","identifier":1,"image":{"@type":"ImageObject","@id":"https:\/\/secure.gravatar.com\/avatar\/d7705a23c50ede72936119380238a88bdeb91030521f9262dc3abc6fdd8add33?s=96&d=mm&r=g","url":"https:\/\/secure.gravatar.com\/avatar\/d7705a23c50ede72936119380238a88bdeb91030521f9262dc3abc6fdd8add33?s=96&d=mm&r=g","height":96,"width":96}},"publisher":{"@type":"Organization","name":"karinherzog.cz","logo":{"@type":"ImageObject","@id":"\/logo.png","url":"\/logo.png","width":600,"height":60}},"image":{"@type":"ImageObject","@id":"https:\/\/www.karinherzog.cz\/wp-content\/uploads\/shirt-1902598_640_1.jpg","url":"https:\/\/www.karinherzog.cz\/wp-content\/uploads\/shirt-1902598_640_1.jpg","height":0,"width":0},"url":"https:\/\/www.karinherzog.cz\/skrine-na-miru-jako-prakticka-ozdoba-interieru\/","about":["N\u00e1kupy"],"wordCount":416,"articleBody":"         Vestav\u011bn\u00e9 sk\u0159\u00edn\u011b na m\u00edru mohou vytvo\u0159it v interi\u00e9ru i velmi atraktivn\u00ed plochu, kter\u00e1 zdob\u00ed mnoh\u00e9 \u010d\u00e1sti obytn\u00e9ho prostoru. V\u00fdhodou tohoto \u0159e\u0161en\u00ed \u00falo\u017en\u00e9ho prostoru je i to, \u017ee lze sk\u0159\u00edn\u011b zhotovit v r\u016fzn\u00fdch velikostech a um\u00edstit je i do m\u00edst, kam by se \u017e\u00e1dn\u00fd jin\u00fd n\u00e1bytek neve\u0161el. Nebo by se ve\u0161el, ale vypadal by tam dosti podivn\u011b. T\u0159eba takov\u00e9 p\u0159\u00edm\u00e9 schodi\u0161t\u011b. Kdybyste pod n\u011bj postavili klasickou \u0161atn\u00ed sk\u0159\u00ed\u0148, m\u016f\u017eete z toho m\u00edt divn\u00fd pocit, ale kdy\u017e spodn\u00ed \u010d\u00e1st schod\u016f uzav\u0159ete elegantn\u00ed a dob\u0159e promy\u0161lenou vestavbou s posuvn\u00fdmi dve\u0159mi, mo\u017en\u00e1 v\u00e1m to bude p\u0159ipadat tak trochu \u201ekosmick\u00e9\u201c.Tento v\u00fdraz jsem si vyp\u016fj\u010dil z filmu \u201eNotting Hill\u201c (1999, re\u017eie Roger Michell), kde jej vyslovil Rhys Ifans, kter\u00fd se obl\u00e9kl pro b\u011b\u017en\u00fd pobyt v byt\u011b do pot\u00e1p\u011b\u010dsk\u00e9ho skafandru. Pochopiteln\u011b to s t\u00edm skafandrem mysl\u00edm v humorn\u00e9 nads\u00e1zce, jde sp\u00ed\u0161e o to, \u017ee bude prostor pod schodi\u0161t\u011bm prakticky vyu\u017eit\u00fd a z\u00e1rove\u0148 to bude dob\u0159e vypadat. Levn\u00e9 sk\u0159\u00edn\u011b na m\u00edru lze um\u00edstit i do dal\u0161\u00edch prostor, jako jsou p\u0159eds\u00edn\u011b v panelov\u00fdch bytech \u010di rodinn\u00fdch domech, do sklep\u016f, gar\u00e1\u017e\u00ed, d\u011btsk\u00fdch pokoj\u016f, pracoven, lo\u017enic, podkrovn\u00edch prostor a tak\u00e9 do kancel\u00e1\u0159\u00ed. V\u011bt\u0161ina v\u011bc\u00ed na jednom m\u00edst\u011b. Nespornou p\u0159ednost\u00ed sk\u0159\u00edn\u00ed na m\u00edru je ulo\u017een\u00ed v\u011bt\u0161iny v\u011bc\u00ed na jedno m\u00edsto. Kup\u0159\u00edkladu do sk\u0159\u00edn\u011b pod schodi\u0161t\u011bm se mohou vej\u00edt \u00faklidov\u00e9 prost\u0159edky i s vysava\u010dem. Do sk\u0159\u00edn\u011b v gar\u00e1\u017ei lze um\u00edstit n\u00e1\u0159ad\u00ed a n\u00e1hradn\u00ed d\u00edly k automobil\u016fm, motocykl\u016fm, j\u00edzdn\u00edm kol\u016fm, zahradn\u00ed technice, k baz\u00e9n\u016fm atd. Sk\u0159\u00ed\u0148 v lo\u017enici nebo v p\u0159eds\u00edni p\u0159ijde vhod pro ulo\u017een\u00ed ve\u0161ker\u00e9ho oble\u010den\u00ed a obuvi a sk\u0159\u00ed\u0148 v d\u011btsk\u00e9m pokoji mohou d\u011bti ocenit jako praktick\u00e9ho pomocn\u00edka p\u0159i ukl\u00e1d\u00e1n\u00ed hra\u010dek a \u0161koln\u00edch pot\u0159eb. Vestav\u011bn\u00e9 sk\u0159\u00edn\u011b mohou tak\u00e9 zdobit interi\u00e9r vzhledem posuvn\u00fdch dve\u0159\u00ed. Ty mohou b\u00fdt jednobarevn\u00e9, v dekoru imitace d\u0159eva, anebo mohou b\u00fdt opat\u0159en\u00e9 mnoha formami potisku. M\u016f\u017eete na n\u011b nalepit i fototapetu.                                                                                                                                                                                                                                                                                                                                                                                          3.4\/5 - (5 votes)        "},{"@context":"https:\/\/schema.org\/","@type":"BreadcrumbList","itemListElement":[{"@type":"ListItem","position":1,"name":"Sk\u0159\u00edn\u011b na m\u00edru jako praktick\u00e1 ozdoba interi\u00e9ru","item":"https:\/\/www.karinherzog.cz\/skrine-na-miru-jako-prakticka-ozdoba-interieru\/#breadcrumbitem"}]}]