[{"@context":"https:\/\/schema.org\/","@type":"Blog","@id":"https:\/\/www.karinherzog.cz#Blog","headline":"Karin Herzog","description":"\nPot\u0159ebovali byste pomocnou ruku co se reklamy kolem va\u0161eho podnik\u00e1n\u00ed t\u00fdk\u00e1? R\u00e1di byste byli jako prvn\u00ed, co internet lidem nab\u00eddne, ale jak to ud\u011blat? Publikujte u n\u00e1s t\u0159eba v\u0161echny sv\u00e9 PR \u010dl\u00e1nky.","url":"https:\/\/www.karinherzog.cz","hasPart":[{"@type":"Article","@id":"https:\/\/www.karinherzog.cz\/vyberte-si-velkou-televizi\/","headline":"Vyberte si velkou televizi","url":"https:\/\/www.karinherzog.cz\/vyberte-si-velkou-televizi\/","datePublished":"2019-09-15","dateModified":"2023-04-28","mainEntityOfPage":"https:\/\/www.karinherzog.cz\/vyberte-si-velkou-televizi\/","author":{"@type":"Person","@id":"https:\/\/www.karinherzog.cz\/author\/#Person","name":"karinherzog.cz\n","url":"https:\/\/www.karinherzog.cz\/author\/","identifier":1,"image":{"@type":"ImageObject","@id":"https:\/\/secure.gravatar.com\/avatar\/d7705a23c50ede72936119380238a88bdeb91030521f9262dc3abc6fdd8add33?s=96&d=mm&r=g","url":"https:\/\/secure.gravatar.com\/avatar\/d7705a23c50ede72936119380238a88bdeb91030521f9262dc3abc6fdd8add33?s=96&d=mm&r=g","height":96,"width":96}},"publisher":{"@type":"Organization","name":"karinherzog.cz","logo":{"@type":"ImageObject","@id":"\/logo.png","url":"\/logo.png","width":600,"height":60}},"image":{"@type":"ImageObject","@id":"https:\/\/www.karinherzog.cz\/wp-content\/uploads\/img_a347804_w1934_t1562409236.jpg","url":"https:\/\/www.karinherzog.cz\/wp-content\/uploads\/img_a347804_w1934_t1562409236.jpg","height":0,"width":0},"wordCount":4453,"keywords":null},{"@type":"Article","@id":"https:\/\/www.karinherzog.cz\/proc-jsou-sedaci-vaky-tak-skvele\/","headline":"Pro\u010d jsou sedac\u00ed vaky tak skv\u011bl\u00e9?","url":"https:\/\/www.karinherzog.cz\/proc-jsou-sedaci-vaky-tak-skvele\/","datePublished":"2019-09-15","dateModified":"2023-04-28","mainEntityOfPage":"https:\/\/www.karinherzog.cz\/proc-jsou-sedaci-vaky-tak-skvele\/","author":{"@type":"Person","@id":"https:\/\/www.karinherzog.cz\/author\/#Person","name":"karinherzog.cz\n","url":"https:\/\/www.karinherzog.cz\/author\/","identifier":1,"image":{"@type":"ImageObject","@id":"https:\/\/secure.gravatar.com\/avatar\/d7705a23c50ede72936119380238a88bdeb91030521f9262dc3abc6fdd8add33?s=96&d=mm&r=g","url":"https:\/\/secure.gravatar.com\/avatar\/d7705a23c50ede72936119380238a88bdeb91030521f9262dc3abc6fdd8add33?s=96&d=mm&r=g","height":96,"width":96}},"publisher":{"@type":"Organization","name":"karinherzog.cz","logo":{"@type":"ImageObject","@id":"\/logo.png","url":"\/logo.png","width":600,"height":60}},"image":{"@type":"ImageObject","@id":"https:\/\/www.karinherzog.cz\/wp-content\/uploads\/img_a363263_w1934_t1576058360.jpg","url":"https:\/\/www.karinherzog.cz\/wp-content\/uploads\/img_a363263_w1934_t1576058360.jpg","height":0,"width":0},"wordCount":518,"keywords":null},{"@type":"Article","@id":"https:\/\/www.karinherzog.cz\/postel-nejen-na-spani\/","headline":"Postel nejen na span\u00ed","url":"https:\/\/www.karinherzog.cz\/postel-nejen-na-spani\/","datePublished":"2019-09-07","dateModified":"2023-06-19","mainEntityOfPage":"https:\/\/www.karinherzog.cz\/postel-nejen-na-spani\/","author":{"@type":"Person","@id":"https:\/\/www.karinherzog.cz\/author\/#Person","name":"karinherzog.cz\n","url":"https:\/\/www.karinherzog.cz\/author\/","identifier":1,"image":{"@type":"ImageObject","@id":"https:\/\/secure.gravatar.com\/avatar\/d7705a23c50ede72936119380238a88bdeb91030521f9262dc3abc6fdd8add33?s=96&d=mm&r=g","url":"https:\/\/secure.gravatar.com\/avatar\/d7705a23c50ede72936119380238a88bdeb91030521f9262dc3abc6fdd8add33?s=96&d=mm&r=g","height":96,"width":96}},"publisher":{"@type":"Organization","name":"karinherzog.cz","logo":{"@type":"ImageObject","@id":"\/logo.png","url":"\/logo.png","width":600,"height":60}},"image":{"@type":"ImageObject","@id":"https:\/\/www.karinherzog.cz\/wp-content\/uploads\/img_a362474_w1934_t1575621822.jpg","url":"https:\/\/www.karinherzog.cz\/wp-content\/uploads\/img_a362474_w1934_t1575621822.jpg","height":0,"width":0},"wordCount":4524,"keywords":null},{"@type":"Article","@id":"https:\/\/www.karinherzog.cz\/boj-s-nadvahou\/","headline":"Boj s nadv\u00e1hou","url":"https:\/\/www.karinherzog.cz\/boj-s-nadvahou\/","datePublished":"2019-09-06","dateModified":"2024-06-21","mainEntityOfPage":"https:\/\/www.karinherzog.cz\/boj-s-nadvahou\/","author":{"@type":"Person","@id":"https:\/\/www.karinherzog.cz\/author\/#Person","name":"karinherzog.cz\n","url":"https:\/\/www.karinherzog.cz\/author\/","identifier":1,"image":{"@type":"ImageObject","@id":"https:\/\/secure.gravatar.com\/avatar\/d7705a23c50ede72936119380238a88bdeb91030521f9262dc3abc6fdd8add33?s=96&d=mm&r=g","url":"https:\/\/secure.gravatar.com\/avatar\/d7705a23c50ede72936119380238a88bdeb91030521f9262dc3abc6fdd8add33?s=96&d=mm&r=g","height":96,"width":96}},"publisher":{"@type":"Organization","name":"karinherzog.cz","logo":{"@type":"ImageObject","@id":"\/logo.png","url":"\/logo.png","width":600,"height":60}},"image":{"@type":"ImageObject","@id":"https:\/\/www.karinherzog.cz\/wp-content\/uploads\/img_a363378_w1934_t1576086574.jpg","url":"https:\/\/www.karinherzog.cz\/wp-content\/uploads\/img_a363378_w1934_t1576086574.jpg","height":0,"width":0},"wordCount":542,"keywords":null},{"@type":"Article","@id":"https:\/\/www.karinherzog.cz\/kde-vzit-rychle-penize\/","headline":"Kde vz\u00edt rychle pen\u00edze?","url":"https:\/\/www.karinherzog.cz\/kde-vzit-rychle-penize\/","datePublished":"2019-09-06","dateModified":"2023-04-28","mainEntityOfPage":"https:\/\/www.karinherzog.cz\/kde-vzit-rychle-penize\/","author":{"@type":"Person","@id":"https:\/\/www.karinherzog.cz\/author\/#Person","name":"karinherzog.cz\n","url":"https:\/\/www.karinherzog.cz\/author\/","identifier":1,"image":{"@type":"ImageObject","@id":"https:\/\/secure.gravatar.com\/avatar\/d7705a23c50ede72936119380238a88bdeb91030521f9262dc3abc6fdd8add33?s=96&d=mm&r=g","url":"https:\/\/secure.gravatar.com\/avatar\/d7705a23c50ede72936119380238a88bdeb91030521f9262dc3abc6fdd8add33?s=96&d=mm&r=g","height":96,"width":96}},"publisher":{"@type":"Organization","name":"karinherzog.cz","logo":{"@type":"ImageObject","@id":"\/logo.png","url":"\/logo.png","width":600,"height":60}},"image":{"@type":"ImageObject","@id":"https:\/\/www.karinherzog.cz\/wp-content\/uploads\/img_a363483_w1934_t1576146006.jpg","url":"https:\/\/www.karinherzog.cz\/wp-content\/uploads\/img_a363483_w1934_t1576146006.jpg","height":0,"width":0},"wordCount":4675,"keywords":null},{"@type":"Article","@id":"https:\/\/www.karinherzog.cz\/odpocinek-uvolneni-i-zabava-na-jihu-moravy\/","headline":"Odpo\u010dinek, uvoln\u011bn\u00ed i z\u00e1bava na jihu Moravy","url":"https:\/\/www.karinherzog.cz\/odpocinek-uvolneni-i-zabava-na-jihu-moravy\/","datePublished":"2019-09-01","dateModified":"2024-05-20","mainEntityOfPage":"https:\/\/www.karinherzog.cz\/odpocinek-uvolneni-i-zabava-na-jihu-moravy\/","author":{"@type":"Person","@id":"https:\/\/www.karinherzog.cz\/author\/#Person","name":"karinherzog.cz\n","url":"https:\/\/www.karinherzog.cz\/author\/","identifier":1,"image":{"@type":"ImageObject","@id":"https:\/\/secure.gravatar.com\/avatar\/d7705a23c50ede72936119380238a88bdeb91030521f9262dc3abc6fdd8add33?s=96&d=mm&r=g","url":"https:\/\/secure.gravatar.com\/avatar\/d7705a23c50ede72936119380238a88bdeb91030521f9262dc3abc6fdd8add33?s=96&d=mm&r=g","height":96,"width":96}},"publisher":{"@type":"Organization","name":"karinherzog.cz","logo":{"@type":"ImageObject","@id":"\/logo.png","url":"\/logo.png","width":600,"height":60}},"image":{"@type":"ImageObject","@id":"https:\/\/www.karinherzog.cz\/wp-content\/uploads\/img_a363054_w1934_t1575894608.jpg","url":"https:\/\/www.karinherzog.cz\/wp-content\/uploads\/img_a363054_w1934_t1575894608.jpg","height":0,"width":0},"wordCount":508,"keywords":null},{"@type":"Article","@id":"https:\/\/www.karinherzog.cz\/schodiste-neni-jen-funkcni-prvek\/","headline":"Schodi\u0161t\u011b nen\u00ed jen funk\u010dn\u00ed prvek","url":"https:\/\/www.karinherzog.cz\/schodiste-neni-jen-funkcni-prvek\/","datePublished":"2019-08-25","dateModified":"2023-04-28","mainEntityOfPage":"https:\/\/www.karinherzog.cz\/schodiste-neni-jen-funkcni-prvek\/","author":{"@type":"Person","@id":"https:\/\/www.karinherzog.cz\/author\/#Person","name":"karinherzog.cz\n","url":"https:\/\/www.karinherzog.cz\/author\/","identifier":1,"image":{"@type":"ImageObject","@id":"https:\/\/secure.gravatar.com\/avatar\/d7705a23c50ede72936119380238a88bdeb91030521f9262dc3abc6fdd8add33?s=96&d=mm&r=g","url":"https:\/\/secure.gravatar.com\/avatar\/d7705a23c50ede72936119380238a88bdeb91030521f9262dc3abc6fdd8add33?s=96&d=mm&r=g","height":96,"width":96}},"publisher":{"@type":"Organization","name":"karinherzog.cz","logo":{"@type":"ImageObject","@id":"\/logo.png","url":"\/logo.png","width":600,"height":60}},"image":{"@type":"ImageObject","@id":"https:\/\/www.karinherzog.cz\/wp-content\/uploads\/img_a363830_w1934_t1576521035.jpg","url":"https:\/\/www.karinherzog.cz\/wp-content\/uploads\/img_a363830_w1934_t1576521035.jpg","height":0,"width":0},"wordCount":586,"keywords":null},{"@type":"Article","@id":"https:\/\/www.karinherzog.cz\/vyreste-sve-bydleni-vstricnym-uverem\/","headline":"Vy\u0159e\u0161te sv\u00e9 bydlen\u00ed vst\u0159\u00edcn\u00fdm \u00fav\u011brem","url":"https:\/\/www.karinherzog.cz\/vyreste-sve-bydleni-vstricnym-uverem\/","datePublished":"2019-08-23","dateModified":"2023-04-28","mainEntityOfPage":"https:\/\/www.karinherzog.cz\/vyreste-sve-bydleni-vstricnym-uverem\/","author":{"@type":"Person","@id":"https:\/\/www.karinherzog.cz\/author\/#Person","name":"karinherzog.cz\n","url":"https:\/\/www.karinherzog.cz\/author\/","identifier":1,"image":{"@type":"ImageObject","@id":"https:\/\/secure.gravatar.com\/avatar\/d7705a23c50ede72936119380238a88bdeb91030521f9262dc3abc6fdd8add33?s=96&d=mm&r=g","url":"https:\/\/secure.gravatar.com\/avatar\/d7705a23c50ede72936119380238a88bdeb91030521f9262dc3abc6fdd8add33?s=96&d=mm&r=g","height":96,"width":96}},"publisher":{"@type":"Organization","name":"karinherzog.cz","logo":{"@type":"ImageObject","@id":"\/logo.png","url":"\/logo.png","width":600,"height":60}},"image":{"@type":"ImageObject","@id":"https:\/\/www.karinherzog.cz\/wp-content\/uploads\/img_a360127_w1934_t1574014258.jpg","url":"https:\/\/www.karinherzog.cz\/wp-content\/uploads\/img_a360127_w1934_t1574014258.jpg","height":0,"width":0},"wordCount":573,"keywords":null},{"@type":"Article","@id":"https:\/\/www.karinherzog.cz\/vyberte-si-ty-nejkrasnejsi-a-veskrze-prakticke-skrine-na-miru\/","headline":"Vyberte si ty nejkr\u00e1sn\u011bj\u0161\u00ed a veskrze praktick\u00e9 sk\u0159\u00edn\u011b na m\u00edru!","url":"https:\/\/www.karinherzog.cz\/vyberte-si-ty-nejkrasnejsi-a-veskrze-prakticke-skrine-na-miru\/","datePublished":"2019-08-21","dateModified":"2023-04-28","mainEntityOfPage":"https:\/\/www.karinherzog.cz\/vyberte-si-ty-nejkrasnejsi-a-veskrze-prakticke-skrine-na-miru\/","author":{"@type":"Person","@id":"https:\/\/www.karinherzog.cz\/author\/#Person","name":"karinherzog.cz\n","url":"https:\/\/www.karinherzog.cz\/author\/","identifier":1,"image":{"@type":"ImageObject","@id":"https:\/\/secure.gravatar.com\/avatar\/d7705a23c50ede72936119380238a88bdeb91030521f9262dc3abc6fdd8add33?s=96&d=mm&r=g","url":"https:\/\/secure.gravatar.com\/avatar\/d7705a23c50ede72936119380238a88bdeb91030521f9262dc3abc6fdd8add33?s=96&d=mm&r=g","height":96,"width":96}},"publisher":{"@type":"Organization","name":"karinherzog.cz","logo":{"@type":"ImageObject","@id":"\/logo.png","url":"\/logo.png","width":600,"height":60}},"image":{"@type":"ImageObject","@id":"https:\/\/www.karinherzog.cz\/wp-content\/uploads\/img_a364076_w1934_t1576759134.png","url":"https:\/\/www.karinherzog.cz\/wp-content\/uploads\/img_a364076_w1934_t1576759134.png","height":0,"width":0},"wordCount":564,"keywords":null},{"@type":"Article","@id":"https:\/\/www.karinherzog.cz\/pri-stehovani-bytu-praha-nezapominejte-na-parkovaci-plochy\/","headline":"P\u0159i st\u011bhov\u00e1n\u00ed byt\u016f Praha nezapom\u00ednejte na parkovac\u00ed plochy","url":"https:\/\/www.karinherzog.cz\/pri-stehovani-bytu-praha-nezapominejte-na-parkovaci-plochy\/","datePublished":"2019-08-18","dateModified":"2023-04-28","mainEntityOfPage":"https:\/\/www.karinherzog.cz\/pri-stehovani-bytu-praha-nezapominejte-na-parkovaci-plochy\/","author":{"@type":"Person","@id":"https:\/\/www.karinherzog.cz\/author\/#Person","name":"karinherzog.cz\n","url":"https:\/\/www.karinherzog.cz\/author\/","identifier":1,"image":{"@type":"ImageObject","@id":"https:\/\/secure.gravatar.com\/avatar\/d7705a23c50ede72936119380238a88bdeb91030521f9262dc3abc6fdd8add33?s=96&d=mm&r=g","url":"https:\/\/secure.gravatar.com\/avatar\/d7705a23c50ede72936119380238a88bdeb91030521f9262dc3abc6fdd8add33?s=96&d=mm&r=g","height":96,"width":96}},"publisher":{"@type":"Organization","name":"karinherzog.cz","logo":{"@type":"ImageObject","@id":"\/logo.png","url":"\/logo.png","width":600,"height":60}},"image":{"@type":"ImageObject","@id":"https:\/\/www.karinherzog.cz\/wp-content\/uploads\/img_a364003_w1934_t1576742228.jpg","url":"https:\/\/www.karinherzog.cz\/wp-content\/uploads\/img_a364003_w1934_t1576742228.jpg","height":0,"width":0},"wordCount":567,"keywords":null}]},{"@context":"https:\/\/schema.org","@type":"WebSite","@id":"https:\/\/www.karinherzog.cz\/#website","name":"Karin Herzog","url":"https:\/\/www.karinherzog.cz","potentialAction":{"@type":"SearchAction","target":"https:\/\/www.karinherzog.cz\/?s={search_term_string}","query-input":"required name=search_term_string"}}]