{"@context":"https:\/\/schema.org\/","@type":"CollectionPage","@id":"https:\/\/www.karinherzog.cz\/nakupy\/#CollectionPage","headline":"N\u00e1kupy Category","description":"","url":"https:\/\/www.karinherzog.cz\/nakupy\/","hasPart":[{"@type":"Article","@id":"https:\/\/www.karinherzog.cz\/kava-na-hubnuti\/","headline":"K\u00e1va na hubnut\u00ed","url":"https:\/\/www.karinherzog.cz\/kava-na-hubnuti\/","datePublished":"2023-04-28","dateModified":"2023-04-28","mainEntityOfPage":"https:\/\/www.karinherzog.cz\/kava-na-hubnuti\/","author":{"@type":"Person","@id":"https:\/\/www.karinherzog.cz\/author\/#Person","name":"karinherzog.cz\n","url":"https:\/\/www.karinherzog.cz\/author\/","identifier":1,"image":{"@type":"ImageObject","@id":"https:\/\/secure.gravatar.com\/avatar\/d7705a23c50ede72936119380238a88bdeb91030521f9262dc3abc6fdd8add33?s=96&d=mm&r=g","url":"https:\/\/secure.gravatar.com\/avatar\/d7705a23c50ede72936119380238a88bdeb91030521f9262dc3abc6fdd8add33?s=96&d=mm&r=g","height":96,"width":96}},"publisher":{"@type":"Organization","name":"karinherzog.cz","logo":{"@type":"ImageObject","@id":"\/logo.png","url":"\/logo.png","width":600,"height":60}},"image":null,"keywords":null},{"@type":"Article","@id":"https:\/\/www.karinherzog.cz\/kdo-da-vic\/","headline":"Kdo d\u00e1 v\u00edc?","url":"https:\/\/www.karinherzog.cz\/kdo-da-vic\/","datePublished":"2023-04-28","dateModified":"2023-04-28","mainEntityOfPage":"https:\/\/www.karinherzog.cz\/kdo-da-vic\/","author":{"@type":"Person","@id":"https:\/\/www.karinherzog.cz\/author\/#Person","name":"karinherzog.cz\n","url":"https:\/\/www.karinherzog.cz\/author\/","identifier":1,"image":{"@type":"ImageObject","@id":"https:\/\/secure.gravatar.com\/avatar\/d7705a23c50ede72936119380238a88bdeb91030521f9262dc3abc6fdd8add33?s=96&d=mm&r=g","url":"https:\/\/secure.gravatar.com\/avatar\/d7705a23c50ede72936119380238a88bdeb91030521f9262dc3abc6fdd8add33?s=96&d=mm&r=g","height":96,"width":96}},"publisher":{"@type":"Organization","name":"karinherzog.cz","logo":{"@type":"ImageObject","@id":"\/logo.png","url":"\/logo.png","width":600,"height":60}},"image":null,"keywords":null},{"@type":"Article","@id":"https:\/\/www.karinherzog.cz\/nakup-z-farmy\/","headline":"N\u00e1kup z farmy","url":"https:\/\/www.karinherzog.cz\/nakup-z-farmy\/","datePublished":"2023-04-28","dateModified":"2023-04-28","mainEntityOfPage":"https:\/\/www.karinherzog.cz\/nakup-z-farmy\/","author":{"@type":"Person","@id":"https:\/\/www.karinherzog.cz\/author\/#Person","name":"karinherzog.cz\n","url":"https:\/\/www.karinherzog.cz\/author\/","identifier":1,"image":{"@type":"ImageObject","@id":"https:\/\/secure.gravatar.com\/avatar\/d7705a23c50ede72936119380238a88bdeb91030521f9262dc3abc6fdd8add33?s=96&d=mm&r=g","url":"https:\/\/secure.gravatar.com\/avatar\/d7705a23c50ede72936119380238a88bdeb91030521f9262dc3abc6fdd8add33?s=96&d=mm&r=g","height":96,"width":96}},"publisher":{"@type":"Organization","name":"karinherzog.cz","logo":{"@type":"ImageObject","@id":"\/logo.png","url":"\/logo.png","width":600,"height":60}},"image":null,"keywords":null},{"@type":"Article","@id":"https:\/\/www.karinherzog.cz\/originalni-nesmysly\/","headline":"Origin\u00e1ln\u00ed nesmysly","url":"https:\/\/www.karinherzog.cz\/originalni-nesmysly\/","datePublished":"2023-04-28","dateModified":"2023-04-28","mainEntityOfPage":"https:\/\/www.karinherzog.cz\/originalni-nesmysly\/","author":{"@type":"Person","@id":"https:\/\/www.karinherzog.cz\/author\/#Person","name":"karinherzog.cz\n","url":"https:\/\/www.karinherzog.cz\/author\/","identifier":1,"image":{"@type":"ImageObject","@id":"https:\/\/secure.gravatar.com\/avatar\/d7705a23c50ede72936119380238a88bdeb91030521f9262dc3abc6fdd8add33?s=96&d=mm&r=g","url":"https:\/\/secure.gravatar.com\/avatar\/d7705a23c50ede72936119380238a88bdeb91030521f9262dc3abc6fdd8add33?s=96&d=mm&r=g","height":96,"width":96}},"publisher":{"@type":"Organization","name":"karinherzog.cz","logo":{"@type":"ImageObject","@id":"\/logo.png","url":"\/logo.png","width":600,"height":60}},"image":null,"keywords":null},{"@type":"Article","@id":"https:\/\/www.karinherzog.cz\/i-v-malem-prostoru-muzete-mit-pohovku-i-postel-v-jednom\/","headline":"I v mal\u00e9m prostoru m\u016f\u017eete m\u00edt pohovku i postel v jednom","url":"https:\/\/www.karinherzog.cz\/i-v-malem-prostoru-muzete-mit-pohovku-i-postel-v-jednom\/","datePublished":"2023-02-10","dateModified":"2023-04-28","mainEntityOfPage":"https:\/\/www.karinherzog.cz\/i-v-malem-prostoru-muzete-mit-pohovku-i-postel-v-jednom\/","author":{"@type":"Person","@id":"https:\/\/www.karinherzog.cz\/author\/#Person","name":"karinherzog.cz\n","url":"https:\/\/www.karinherzog.cz\/author\/","identifier":1,"image":{"@type":"ImageObject","@id":"https:\/\/secure.gravatar.com\/avatar\/d7705a23c50ede72936119380238a88bdeb91030521f9262dc3abc6fdd8add33?s=96&d=mm&r=g","url":"https:\/\/secure.gravatar.com\/avatar\/d7705a23c50ede72936119380238a88bdeb91030521f9262dc3abc6fdd8add33?s=96&d=mm&r=g","height":96,"width":96}},"publisher":{"@type":"Organization","name":"karinherzog.cz","logo":{"@type":"ImageObject","@id":"\/logo.png","url":"\/logo.png","width":600,"height":60}},"image":{"@type":"ImageObject","@id":"https:\/\/www.karinherzog.cz\/wp-content\/uploads\/rozkladaci_pohovka_IN0siC.jpg","url":"https:\/\/www.karinherzog.cz\/wp-content\/uploads\/rozkladaci_pohovka_IN0siC.jpg","height":0,"width":0},"keywords":null},{"@type":"Article","@id":"https:\/\/www.karinherzog.cz\/rozkladaci-pohovka-s-matraci-pro-kazdou-moderni-domacnost\/","headline":"Rozkl\u00e1dac\u00ed pohovka s matrac\u00ed pro ka\u017edou modern\u00ed dom\u00e1cnost","url":"https:\/\/www.karinherzog.cz\/rozkladaci-pohovka-s-matraci-pro-kazdou-moderni-domacnost\/","datePublished":"2021-11-04","dateModified":"2023-04-28","mainEntityOfPage":"https:\/\/www.karinherzog.cz\/rozkladaci-pohovka-s-matraci-pro-kazdou-moderni-domacnost\/","author":{"@type":"Person","@id":"https:\/\/www.karinherzog.cz\/author\/#Person","name":"karinherzog.cz\n","url":"https:\/\/www.karinherzog.cz\/author\/","identifier":1,"image":{"@type":"ImageObject","@id":"https:\/\/secure.gravatar.com\/avatar\/d7705a23c50ede72936119380238a88bdeb91030521f9262dc3abc6fdd8add33?s=96&d=mm&r=g","url":"https:\/\/secure.gravatar.com\/avatar\/d7705a23c50ede72936119380238a88bdeb91030521f9262dc3abc6fdd8add33?s=96&d=mm&r=g","height":96,"width":96}},"publisher":{"@type":"Organization","name":"karinherzog.cz","logo":{"@type":"ImageObject","@id":"\/logo.png","url":"\/logo.png","width":600,"height":60}},"image":{"@type":"ImageObject","@id":"https:\/\/www.karinherzog.cz\/wp-content\/uploads\/rozkl%C3%A1dac%C3%AD%20pohovka_l70qAK.jpg","url":"https:\/\/www.karinherzog.cz\/wp-content\/uploads\/rozkl%C3%A1dac%C3%AD%20pohovka_l70qAK.jpg","height":0,"width":0},"keywords":null},{"@type":"Article","@id":"https:\/\/www.karinherzog.cz\/jak-vybrat-elektrocentralu-a-kde-vsude-najde-sve-uplatneni-nahradni-zdroj-elektriny-se-muze-hodit\/","headline":"Jak vybrat elektrocentr\u00e1lu a kde v\u0161ude najde sv\u00e9 uplatn\u011bn\u00ed? N\u00e1hradn\u00ed zdroj elekt\u0159iny se m\u016f\u017ee hodit!","url":"https:\/\/www.karinherzog.cz\/jak-vybrat-elektrocentralu-a-kde-vsude-najde-sve-uplatneni-nahradni-zdroj-elektriny-se-muze-hodit\/","datePublished":"2021-04-11","dateModified":"2023-12-27","mainEntityOfPage":"https:\/\/www.karinherzog.cz\/jak-vybrat-elektrocentralu-a-kde-vsude-najde-sve-uplatneni-nahradni-zdroj-elektriny-se-muze-hodit\/","author":{"@type":"Person","@id":"https:\/\/www.karinherzog.cz\/author\/#Person","name":"karinherzog.cz\n","url":"https:\/\/www.karinherzog.cz\/author\/","identifier":1,"image":{"@type":"ImageObject","@id":"https:\/\/secure.gravatar.com\/avatar\/d7705a23c50ede72936119380238a88bdeb91030521f9262dc3abc6fdd8add33?s=96&d=mm&r=g","url":"https:\/\/secure.gravatar.com\/avatar\/d7705a23c50ede72936119380238a88bdeb91030521f9262dc3abc6fdd8add33?s=96&d=mm&r=g","height":96,"width":96}},"publisher":{"@type":"Organization","name":"karinherzog.cz","logo":{"@type":"ImageObject","@id":"\/logo.png","url":"\/logo.png","width":600,"height":60}},"image":{"@type":"ImageObject","@id":"https:\/\/www.karinherzog.cz\/wp-content\/uploads\/pexels-photo-157827.jpeg","url":"https:\/\/www.karinherzog.cz\/wp-content\/uploads\/pexels-photo-157827.jpeg","height":0,"width":0},"keywords":null},{"@type":"Article","@id":"https:\/\/www.karinherzog.cz\/neni-obalka-jako-obalka\/","headline":"Nen\u00ed ob\u00e1lka jako ob\u00e1lka","url":"https:\/\/www.karinherzog.cz\/neni-obalka-jako-obalka\/","datePublished":"2020-10-09","dateModified":"2023-11-13","mainEntityOfPage":"https:\/\/www.karinherzog.cz\/neni-obalka-jako-obalka\/","author":{"@type":"Person","@id":"https:\/\/www.karinherzog.cz\/author\/#Person","name":"karinherzog.cz\n","url":"https:\/\/www.karinherzog.cz\/author\/","identifier":1,"image":{"@type":"ImageObject","@id":"https:\/\/secure.gravatar.com\/avatar\/d7705a23c50ede72936119380238a88bdeb91030521f9262dc3abc6fdd8add33?s=96&d=mm&r=g","url":"https:\/\/secure.gravatar.com\/avatar\/d7705a23c50ede72936119380238a88bdeb91030521f9262dc3abc6fdd8add33?s=96&d=mm&r=g","height":96,"width":96}},"publisher":{"@type":"Organization","name":"karinherzog.cz","logo":{"@type":"ImageObject","@id":"\/logo.png","url":"\/logo.png","width":600,"height":60}},"image":{"@type":"ImageObject","@id":"https:\/\/www.karinherzog.cz\/wp-content\/uploads\/img_a278916_w1934_t1602571274.jpg","url":"https:\/\/www.karinherzog.cz\/wp-content\/uploads\/img_a278916_w1934_t1602571274.jpg","height":0,"width":0},"keywords":null},{"@type":"Article","@id":"https:\/\/www.karinherzog.cz\/kdyz-ho-chcete-skutecne-potesit\/","headline":"Kdy\u017e ho chcete skute\u010dn\u011b pot\u011b\u0161it","url":"https:\/\/www.karinherzog.cz\/kdyz-ho-chcete-skutecne-potesit\/","datePublished":"2020-02-16","dateModified":"2023-04-28","mainEntityOfPage":"https:\/\/www.karinherzog.cz\/kdyz-ho-chcete-skutecne-potesit\/","author":{"@type":"Person","@id":"https:\/\/www.karinherzog.cz\/author\/#Person","name":"karinherzog.cz\n","url":"https:\/\/www.karinherzog.cz\/author\/","identifier":1,"image":{"@type":"ImageObject","@id":"https:\/\/secure.gravatar.com\/avatar\/d7705a23c50ede72936119380238a88bdeb91030521f9262dc3abc6fdd8add33?s=96&d=mm&r=g","url":"https:\/\/secure.gravatar.com\/avatar\/d7705a23c50ede72936119380238a88bdeb91030521f9262dc3abc6fdd8add33?s=96&d=mm&r=g","height":96,"width":96}},"publisher":{"@type":"Organization","name":"karinherzog.cz","logo":{"@type":"ImageObject","@id":"\/logo.png","url":"\/logo.png","width":600,"height":60}},"image":{"@type":"ImageObject","@id":"https:\/\/www.karinherzog.cz\/wp-content\/uploads\/img_a373676_w1934_t1585132178.jpg","url":"https:\/\/www.karinherzog.cz\/wp-content\/uploads\/img_a373676_w1934_t1585132178.jpg","height":0,"width":0},"keywords":null},{"@type":"Article","@id":"https:\/\/www.karinherzog.cz\/jak-se-v-zime-obleknout-na-kolo\/","headline":"Jak se v zim\u011b obl\u00e9knout na kolo?","url":"https:\/\/www.karinherzog.cz\/jak-se-v-zime-obleknout-na-kolo\/","datePublished":"2020-01-22","dateModified":"2023-04-28","mainEntityOfPage":"https:\/\/www.karinherzog.cz\/jak-se-v-zime-obleknout-na-kolo\/","author":{"@type":"Person","@id":"https:\/\/www.karinherzog.cz\/author\/#Person","name":"karinherzog.cz\n","url":"https:\/\/www.karinherzog.cz\/author\/","identifier":1,"image":{"@type":"ImageObject","@id":"https:\/\/secure.gravatar.com\/avatar\/d7705a23c50ede72936119380238a88bdeb91030521f9262dc3abc6fdd8add33?s=96&d=mm&r=g","url":"https:\/\/secure.gravatar.com\/avatar\/d7705a23c50ede72936119380238a88bdeb91030521f9262dc3abc6fdd8add33?s=96&d=mm&r=g","height":96,"width":96}},"publisher":{"@type":"Organization","name":"karinherzog.cz","logo":{"@type":"ImageObject","@id":"\/logo.png","url":"\/logo.png","width":600,"height":60}},"image":{"@type":"ImageObject","@id":"https:\/\/www.karinherzog.cz\/wp-content\/uploads\/img_a373641_w1934_t1585127389.jpg","url":"https:\/\/www.karinherzog.cz\/wp-content\/uploads\/img_a373641_w1934_t1585127389.jpg","height":0,"width":0},"keywords":null}]}