[{"@context":"https:\/\/schema.org\/","@type":"Article","@id":"https:\/\/www.karinherzog.cz\/kvalitni-riflovina\/#Article","mainEntityOfPage":"https:\/\/www.karinherzog.cz\/kvalitni-riflovina\/","headline":"Kvalitn\u00ed riflovina","name":"Kvalitn\u00ed riflovina","description":"Mysl\u00edm si, \u017ee ka\u017ed\u00fd \u010dlov\u011bk by si p\u0159\u00e1l m\u00edt doma opravdu hodn\u011b oble\u010den\u00ed, proto\u017ee se \u0159\u00edk\u00e1, \u017ee \u0161aty d\u011blaj\u00ed \u010dlov\u011bka. A kdy\u017e \u010dlov\u011bk bude m\u00edt opravdu velikou sk\u0159\u00ed\u0148, kde bude m\u00edt opravdu plno kr\u00e1sn\u00fdch a kvalitn\u00edch v\u011bc\u00ed, jako je nap\u0159\u00edklad kvalitn\u00ed oble\u010den\u00ed z r\u016fzn\u00fdch materi\u00e1l\u016f, tak ur\u010dit\u011b ka\u017ed\u00fd \u010dlov\u011bk bude \u0161\u0165astn\u00fd. A to hlavn\u011b \u017eeny. [&hellip;]","datePublished":"2025-08-01","dateModified":"2025-08-01","author":{"@type":"Person","@id":"https:\/\/www.karinherzog.cz\/author\/#Person","name":"karinherzog.cz\n","url":"https:\/\/www.karinherzog.cz\/author\/","identifier":1,"image":{"@type":"ImageObject","@id":"https:\/\/secure.gravatar.com\/avatar\/d7705a23c50ede72936119380238a88bdeb91030521f9262dc3abc6fdd8add33?s=96&d=mm&r=g","url":"https:\/\/secure.gravatar.com\/avatar\/d7705a23c50ede72936119380238a88bdeb91030521f9262dc3abc6fdd8add33?s=96&d=mm&r=g","height":96,"width":96}},"publisher":{"@type":"Organization","name":"karinherzog.cz","logo":{"@type":"ImageObject","@id":"\/logo.png","url":"\/logo.png","width":600,"height":60}},"image":{"@type":"ImageObject","@id":"https:\/\/www.karinherzog.cz\/wp-content\/uploads\/jeans-5394561_640_3.jpg","url":"https:\/\/www.karinherzog.cz\/wp-content\/uploads\/jeans-5394561_640_3.jpg","height":0,"width":0},"url":"https:\/\/www.karinherzog.cz\/kvalitni-riflovina\/","about":["N\u00e1kupy"],"wordCount":421,"articleBody":"   Mysl\u00edm si, \u017ee ka\u017ed\u00fd \u010dlov\u011bk by si p\u0159\u00e1l m\u00edt doma opravdu hodn\u011b oble\u010den\u00ed, proto\u017ee se \u0159\u00edk\u00e1, \u017ee \u0161aty d\u011blaj\u00ed \u010dlov\u011bka. A kdy\u017e \u010dlov\u011bk bude m\u00edt opravdu velikou sk\u0159\u00ed\u0148, kde bude m\u00edt opravdu plno kr\u00e1sn\u00fdch a kvalitn\u00edch v\u011bc\u00ed, jako je nap\u0159\u00edklad kvalitn\u00ed oble\u010den\u00ed z r\u016fzn\u00fdch materi\u00e1l\u016f, tak ur\u010dit\u011b ka\u017ed\u00fd \u010dlov\u011bk bude \u0161\u0165astn\u00fd. A to hlavn\u011b \u017eeny. Mysl\u00edm si, \u017ee pot\u011b\u0161\u00edm \u017eeny, \u017ee v posledn\u00ed dob\u011b je velice modern\u00ed zase riflovina. Mysl\u00edm si, \u017ee podle m\u00e9ho n\u00e1zoru asi ka\u017ed\u00fd \u010dlov\u011bk m\u00e1 doma n\u011bco z rifloviny, nap\u0159\u00edklad riflov\u00e9 d\u017e\u00edny nebo riflovou vestu nebo tri\u010dko anebo tak\u00e9 riflovou bundu. Ano, v posledn\u00ed dob\u011b se rozmohla m\u00f3da riflov\u00fdch tri\u010dek. Je to zvl\u00e1\u0161tn\u00ed, ale u\u017e se to tak\u00e9 nos\u00ed. Riflovina je opravu jeden z nejkvalitn\u011bj\u0161\u00edch a tak\u00e9 hlavn\u011b nejobl\u00edben\u011bj\u0161\u00edch materi\u00e1l\u016f. Mnoho lid\u00ed si ale mysl\u00ed, \u017ee riflovina u\u017e nen\u00ed modern\u00ed, \u017ee se t\u0159eba nap\u0159\u00edklad nenos\u00ed do kancel\u00e1\u0159\u00ed. J\u00e1 pracuji v kancel\u00e1\u0159i a bohu\u017eel na\u0161emu \u0161\u00e9fovi, m\u00e9mu zam\u011bstnavateli se riflovina v\u016fbec nel\u00edb\u00ed. \u0158\u00edk\u00e1 se dokonce o n\u011bm, \u017ee v\u016fbec nesn\u00e1\u0161\u00ed riflov\u00e9 v\u011bci. Tohle ale na\u0161t\u011bst\u00ed neplat\u00ed u m\u011b. J\u00e1 riflov\u00e9 v\u011bci m\u00e1m r\u00e1da a pokud i vy m\u00e1te r\u00e1di riflovinu a oble\u010den\u00ed z rifloviny, tak se v\u00e1m ani nediv\u00edm, proto\u017ee riflovina se velice dob\u0159e kombinuje. Vy si riflovinu m\u016f\u017eete nakombinovat nap\u0159\u00edklad \u00fapln\u011b s \u010d\u00edmkoliv chcete. A riflov\u00e9 d\u017e\u00edny nebo riflovou sukni m\u016f\u017eete nosit nap\u0159\u00edklad se sakem nebo se svetrem, i s mikinou. Riflovina podle m\u00e9ho n\u00e1zoru m\u016f\u017ee b\u00fdt i elegantn\u00ed. Z\u00e1le\u017e\u00ed samoz\u0159ejm\u011b na v\u00e1s, v jak\u00e9 to je barv\u011b? Pokud t\u0159eba m\u00e1te otrhan\u00e9 d\u017e\u00edny, kter\u00e9 jsou samoz\u0159ejm\u011b z rifloviny, jak jsem ji\u017e zm\u00ednila, tak to asi tak moc elegantn\u00ed nebude a mysl\u00edm si, \u017ee ani do kancel\u00e1\u0159e se to nosit nebudete. J\u00e1 m\u00e1m tak\u00e9 riflov\u00e9 d\u017e\u00edny, kter\u00e9 jsou roztrhan\u00e9, roztrhan\u00e1 riflovina se mi l\u00edb\u00ed a nos\u00edm ji t\u0159eba na venkovn\u00ed z\u00e1bavy nebo p\u00e1rty a tak podobn\u011b. Ale do pr\u00e1ce si vezmu tak\u00e9 denim anebo klasick\u00e9 riflov\u00e9 d\u017e\u00edny. A jak\u00e9 typy a druhy d\u017e\u00edn m\u00e1te nejrad\u011bji vy?                                                                                                                                                                                                                                                                                                                                                                                          4.7\/5 - (3 votes)        "},{"@context":"https:\/\/schema.org\/","@type":"BreadcrumbList","itemListElement":[{"@type":"ListItem","position":1,"name":"Kvalitn\u00ed riflovina","item":"https:\/\/www.karinherzog.cz\/kvalitni-riflovina\/#breadcrumbitem"}]}]