[{"@context":"https:\/\/schema.org\/","@type":"Article","@id":"https:\/\/www.karinherzog.cz\/interier-podle-vasich-predstav\/#Article","mainEntityOfPage":"https:\/\/www.karinherzog.cz\/interier-podle-vasich-predstav\/","headline":"Interi\u00e9r podle va\u0161ich p\u0159edstav","name":"Interi\u00e9r podle va\u0161ich p\u0159edstav","description":"Mo\u017en\u00e1, \u017ee to d\u0159\u00edve m\u011bli lid\u00e9 v jedn\u00e9 z\u00e1le\u017eitosti trochu jednodu\u0161\u0161\u00ed. V jak\u00e9? Ve vybaven\u00ed sv\u00e9ho interi\u00e9ru. Vzhledem k tomu, \u017ee na trhu byl v\u00fdb\u011br velice omezen\u00fd, vypadalo to v bytech mnohdy t\u00e9m\u011b\u0159 stejn\u011b. \u00a7\u00a0 Ob\u00fdvac\u00edmu pokoji v\u00e9vodila n\u00e1bytkov\u00e1 st\u011bna, do n\u00ed\u017e byl instalov\u00e1n televizor. \u00a7\u00a0 O p\u00e1r krok\u016f d\u00e1l se usadila pohovka se dv\u011bma [&hellip;]","datePublished":"2025-02-28","dateModified":"2023-04-28","author":{"@type":"Person","@id":"https:\/\/www.karinherzog.cz\/author\/#Person","name":"karinherzog.cz\n","url":"https:\/\/www.karinherzog.cz\/author\/","identifier":1,"image":{"@type":"ImageObject","@id":"https:\/\/secure.gravatar.com\/avatar\/d7705a23c50ede72936119380238a88bdeb91030521f9262dc3abc6fdd8add33?s=96&d=mm&r=g","url":"https:\/\/secure.gravatar.com\/avatar\/d7705a23c50ede72936119380238a88bdeb91030521f9262dc3abc6fdd8add33?s=96&d=mm&r=g","height":96,"width":96}},"publisher":{"@type":"Organization","name":"karinherzog.cz","logo":{"@type":"ImageObject","@id":"\/logo.png","url":"\/logo.png","width":600,"height":60}},"image":{"@type":"ImageObject","@id":"https:\/\/www.karinherzog.cz\/wp-content\/uploads\/img_a332108_w1934_t1544700782.jpg","url":"https:\/\/www.karinherzog.cz\/wp-content\/uploads\/img_a332108_w1934_t1544700782.jpg","height":0,"width":0},"url":"https:\/\/www.karinherzog.cz\/interier-podle-vasich-predstav\/","about":["Domov"],"wordCount":400,"articleBody":"Mo\u017en\u00e1, \u017ee to d\u0159\u00edve m\u011bli lid\u00e9 v jedn\u00e9 z\u00e1le\u017eitosti trochu jednodu\u0161\u0161\u00ed. V jak\u00e9? Ve vybaven\u00ed sv\u00e9ho interi\u00e9ru. Vzhledem k tomu, \u017ee na trhu byl v\u00fdb\u011br velice omezen\u00fd, vypadalo to v bytech mnohdy t\u00e9m\u011b\u0159 stejn\u011b.\t\u00a7\u00a0 Ob\u00fdvac\u00edmu pokoji v\u00e9vodila n\u00e1bytkov\u00e1 st\u011bna, do n\u00ed\u017e byl instalov\u00e1n televizor.\t\u00a7\u00a0 O p\u00e1r krok\u016f d\u00e1l se usadila pohovka se dv\u011bma k\u0159esly a klasick\u00fdm takzvan\u00fdm konferen\u010dn\u00edm stolkem.\t\u00a7\u00a0 Pokud m\u011bl majitel bytu \u0161t\u011bst\u00ed a disponoval v\u011bt\u0161\u00edmi prostory, pak si mohl dovolit kv\u011btinovou st\u011bnu nebo knihovnu.\tDnes se nikdo nechce spokojit s uniformitou a neosobn\u00edm interi\u00e9rem. Proto se sna\u017e\u00edme hledat st\u00e1le nov\u00e9 trendy a vym\u00fd\u0161let, co by se dalo zlep\u0161it. N\u00e1bytkov\u00e9 st\u011bny typu \u201eode zdi ke zdi\u201c, vypln\u011bn\u00e9 rodinn\u00fdm porcel\u00e1nem a skleni\u010dkami na sekt, n\u00e1s pomalu opou\u0161t\u011bj\u00ed a my jim na cestu m\u00e1v\u00e1me opravdu s lehk\u00fdm srdcem. Na jejich m\u00edsto se toti\u017e tla\u010d\u00ed modern\u00ed sestavy sk\u0159\u00edn\u011bk a solit\u00e9r\u016f.\t&#8211;\u00a0\u00a0\u00a0\u00a0\u00a0\u00a0\u00a0\u00a0 D\u00edky rozmanit\u00e9mu designu je mo\u017en\u00e9 kombinovat je mezi sebou a vytvo\u0159it tak skute\u010dn\u011b netradi\u010dn\u00ed, ale praktick\u00e9 prost\u0159ed\u00ed.\t\tD\u016fle\u017eit\u00e9 jsou i barvy\tCo n\u00e1s asi neopust\u00ed, je sedac\u00ed souprava. I kdy\u017e i ta pro\u0161la velk\u00fdmi zm\u011bnami. Klasick\u00e1 k\u0159esla se daj\u00ed vym\u011bnit za sedac\u00ed pytle, kter\u00e9 se hod\u00ed skute\u010dn\u011b do ka\u017ed\u00e9ho interi\u00e9ru. Krom\u011b t\u00e9to v\u00fdhody je u nich oce\u0148ov\u00e1no i pohodl\u00ed, kter\u00e9 p\u0159in\u00e1\u0161ej\u00ed.\t\u00a7\u00a0 Ale ani pokud jste vyznava\u010di klasick\u00fdch sedac\u00edch souprav, nemus\u00edte se vzd\u00e1vat nov\u00fdch n\u00e1pad\u016f.\t\u00a7\u00a0 Sta\u010d\u00ed p\u0159ikoupit nap\u0159\u00edklad vkusn\u011b vypadaj\u00edc\u00ed taburet, kter\u00fd dotvo\u0159\u00ed atmosf\u00e9ru \u00fatuln\u00e9ho domova.\tP\u0159em\u00fd\u0161l\u00edte-li nad t\u00edm, jak\u00e9 do sv\u00e9ho ob\u00fdvac\u00edho pokoje zvolit barvy, pak vsa\u010fte na teplej\u0161\u00ed odst\u00edny. Bytov\u00ed n\u00e1vrh\u00e1\u0159i tak\u00e9 rad\u00ed, aby v t\u011bchto m\u00edstnostech nebylo p\u0159\u00edli\u0161 mnoho barevn\u00fdch kontrast\u016f.\t&#8211;\u00a0\u00a0\u00a0\u00a0\u00a0\u00a0\u00a0\u00a0 A pokud jde o materi\u00e1ly, pak je tu rada na z\u00e1v\u011br \u2013 VYNECHTE SKLO A KOV.\t&#8211;\u00a0\u00a0\u00a0\u00a0\u00a0\u00a0\u00a0\u00a0 Sice p\u016fsob\u00ed elegantn\u011b, ale tak\u00e9 vyvol\u00e1vaj\u00ed pocit chladu.\t&#8211;\u00a0\u00a0\u00a0\u00a0\u00a0\u00a0\u00a0\u00a0 S\u00e1hn\u011bte rad\u011bji po p\u0159\u00edrodn\u00edch materi\u00e1lech a po textili\u00edch.                                                                                                                                                                                                                                                                                                                                                                                        3.9\/5 - (8 votes)        "},{"@context":"https:\/\/schema.org\/","@type":"BreadcrumbList","itemListElement":[{"@type":"ListItem","position":1,"name":"Interi\u00e9r podle va\u0161ich p\u0159edstav","item":"https:\/\/www.karinherzog.cz\/interier-podle-vasich-predstav\/#breadcrumbitem"}]}]