[{"@context":"https:\/\/schema.org\/","@type":"Article","@id":"https:\/\/www.karinherzog.cz\/dovolena-ve-vranove-nad-dyji-muze-byt-vasi-dovolenou-snu\/#Article","mainEntityOfPage":"https:\/\/www.karinherzog.cz\/dovolena-ve-vranove-nad-dyji-muze-byt-vasi-dovolenou-snu\/","headline":"Dovolen\u00e1 ve Vranov\u011b nad Dyj\u00ed m\u016f\u017ee b\u00fdt va\u0161\u00ed dovolenou sn\u016f","name":"Dovolen\u00e1 ve Vranov\u011b nad Dyj\u00ed m\u016f\u017ee b\u00fdt va\u0161\u00ed dovolenou sn\u016f","description":"Tak\u00e9 pat\u0159\u00edte k lidem, kte\u0159\u00ed vyhled\u00e1vaj\u00ed klidn\u00e1 m\u00edsta pro svou dovolenou, kter\u00e1 nejsou zasa\u017eena davy turist\u016f? M\u00e1te za sebou nep\u0159\u00edjemnou zku\u0161enost, nap\u0159\u00edklad ze \u0160pindlerova Ml\u00fdna, Pece pod Sn\u011b\u017ekou nebo M\u00e1chova jezera, kde jste se prod\u00edrali mezi lidmi v ulic\u00edch, na parkovi\u0161t\u00edch \u010di na pl\u00e1\u017ei a nem\u011bli jste tu kouska soukrom\u00ed? Pak byste mohli vycestovat do [&hellip;]","datePublished":"2025-08-11","dateModified":"2025-08-11","author":{"@type":"Person","@id":"https:\/\/www.karinherzog.cz\/author\/#Person","name":"karinherzog.cz\n","url":"https:\/\/www.karinherzog.cz\/author\/","identifier":1,"image":{"@type":"ImageObject","@id":"https:\/\/secure.gravatar.com\/avatar\/d7705a23c50ede72936119380238a88bdeb91030521f9262dc3abc6fdd8add33?s=96&d=mm&r=g","url":"https:\/\/secure.gravatar.com\/avatar\/d7705a23c50ede72936119380238a88bdeb91030521f9262dc3abc6fdd8add33?s=96&d=mm&r=g","height":96,"width":96}},"publisher":{"@type":"Organization","name":"karinherzog.cz","logo":{"@type":"ImageObject","@id":"\/logo.png","url":"\/logo.png","width":600,"height":60}},"image":{"@type":"ImageObject","@id":"https:\/\/www.karinherzog.cz\/wp-content\/uploads\/czechia-988734_640_10_10_2.jpg","url":"https:\/\/www.karinherzog.cz\/wp-content\/uploads\/czechia-988734_640_10_10_2.jpg","height":0,"width":0},"url":"https:\/\/www.karinherzog.cz\/dovolena-ve-vranove-nad-dyji-muze-byt-vasi-dovolenou-snu\/","about":["Podnik\u00e1n\u00ed"],"wordCount":404,"articleBody":"        Tak\u00e9 pat\u0159\u00edte k lidem, kte\u0159\u00ed vyhled\u00e1vaj\u00ed klidn\u00e1 m\u00edsta pro svou dovolenou, kter\u00e1 nejsou zasa\u017eena davy turist\u016f? M\u00e1te za sebou nep\u0159\u00edjemnou zku\u0161enost, nap\u0159\u00edklad ze \u0160pindlerova Ml\u00fdna, Pece pod Sn\u011b\u017ekou nebo M\u00e1chova jezera, kde jste se prod\u00edrali mezi lidmi v ulic\u00edch, na parkovi\u0161t\u00edch \u010di na pl\u00e1\u017ei a nem\u011bli jste tu kouska soukrom\u00ed? Pak byste mohli vycestovat do Vranova nad Dyj\u00ed a nasm\u011brovat sv\u00e9 kroky do oblasti N\u00e1rodn\u00edho parku Podyj\u00ed. V \u010cesk\u00e9 republice se nach\u00e1z\u00ed celkem \u010dty\u0159i n\u00e1rodn\u00ed parky \u2013 Krkono\u0161e (KRNAP), \u0160umava, \u010cesk\u00e9 \u0160v\u00fdcarsko a Podyj\u00ed. N\u00e1rodn\u00ed park Podyj\u00ed je jedin\u00fd n\u00e1rodn\u00ed park v na\u0161\u00ed zemi, kter\u00fd se rozprost\u00edr\u00e1 pod\u00e9l v\u00fdznamn\u00e9ho \u0159\u00ed\u010dn\u00edho toku, tedy v tomto p\u0159\u00edpad\u011b u \u0159eky Dyje.N\u00e1rodn\u00ed parky se buduj\u00ed tam, kde se vyskytuje v p\u0159irozen\u00e9 podob\u011b mno\u017estv\u00ed rostlin a \u017eivo\u010dich\u016f, kte\u0159\u00ed nebyli dot\u010deni lidskou \u010dinnost\u00ed, a to je pr\u00e1v\u011b v tomto vz\u00e1cn\u00e9m koutu p\u0159\u00edrody k nahl\u00e9dnut\u00ed. O z\u0159\u00edzen\u00ed n\u00e1rodn\u00edho parku se uva\u017eovalo i na K\u0159ivokl\u00e1tsku, ale k tomu prozat\u00edm nedojde a kdo v\u00ed, zda v budoucnu tento projekt usp\u011bje, ka\u017edop\u00e1dn\u011b CHKO K\u0159ivokl\u00e1tsko je dal\u0161\u00ed velmi zaj\u00edmavou lokalitou, kam v\u00e1m doporu\u010dujeme zav\u00edtat. Oba vodn\u00ed toky, jak Dyje, tak i Berounka, ukr\u00fdvaj\u00ed n\u011bkter\u00e1 velice atraktivn\u00ed m\u00edsta, na Berounce si je m\u016f\u017eete prohl\u00e9dnout p\u0159\u00edmo z \u0159\u00ed\u010dn\u00ed hladiny, pokud se tudy budete plavit jako vod\u00e1ci, a v Podyj\u00ed se pak do zaj\u00edmav\u00fdch m\u00edst dostanete po zna\u010den\u00fdch turistick\u00fdch tras\u00e1ch.Jestli\u017ee si zajist\u00edte ubytov\u00e1n\u00ed v penzionu ve Vranov\u011b nad Dyj\u00ed, m\u00e1te N\u00e1rodn\u00ed park Podyj\u00ed odtud na dosah ruky. Hranici n\u00e1rodn\u00edho parku naleznete p\u0159\u00edmo ve Vranov\u011b, tamn\u00ed z\u00e1mek u\u017e se nach\u00e1z\u00ed na jeho \u00fazem\u00ed. A budete-li se cht\u00edt odtud vypravit na jednodenn\u00ed v\u00fdlety, budete z\u0159ejm\u011b sledovat trasu \u010derven\u011b zna\u010den\u00e9 cesty, kter\u00e1 navazuje na mod\u0159e zna\u010den\u00fd \u00fasek sm\u011b\u0159uj\u00edc\u00ed ke zn\u00e1m\u00e9 vyhl\u00eddce Hardegg. N\u00e1rodn\u00ed park Podyj\u00ed zasahuje a\u017e k m\u011bstu Znojmo a jeho celkov\u00e1 rozloha je 63 \u010dtvere\u010dn\u00edch kilometr\u016f, p\u0159i\u010dem\u017e zauj\u00edm\u00e1 d\u00e9lku \u010dty\u0159iceti kilometr\u016f vodn\u00edho toku Dyje.                                                                                                                                                                                                                                                                                                                                                                                          4\/5 - (6 votes)        "},{"@context":"https:\/\/schema.org\/","@type":"BreadcrumbList","itemListElement":[{"@type":"ListItem","position":1,"name":"Dovolen\u00e1 ve Vranov\u011b nad Dyj\u00ed m\u016f\u017ee b\u00fdt va\u0161\u00ed dovolenou sn\u016f","item":"https:\/\/www.karinherzog.cz\/dovolena-ve-vranove-nad-dyji-muze-byt-vasi-dovolenou-snu\/#breadcrumbitem"}]}]